{"id":58,"date":"2021-12-11T14:27:17","date_gmt":"2021-12-11T13:27:17","guid":{"rendered":"http:\/\/sally13.de\/?p=58"},"modified":"2024-12-08T11:24:12","modified_gmt":"2024-12-08T10:24:12","slug":"meine-ernte-am-11-dezember-2021","status":"publish","type":"post","link":"http:\/\/sally13.de\/?p=58","title":{"rendered":"Meine Ernte am 11.Dezember 2021"},"content":{"rendered":"\n<p>Es ist so sch\u00f6n, wenn man noch im Dezember eigenes Gem\u00fcse ernten kann. Schaut mal, heute gibt es wei\u00dfen und schwarzen Rettich.<\/p>\n\n\n\n<figure class=\"wp-block-image is-resized\"><img loading=\"lazy\" src=\"http:\/\/sally13.de\/wp-content\/uploads\/2021\/12\/Ernte-Rettich-11-Dezember-2021-1-768x1024.jpg\" alt=\"\" class=\"wp-image-59\" width=\"329\" height=\"439\" srcset=\"http:\/\/sally13.de\/wp-content\/uploads\/2021\/12\/Ernte-Rettich-11-Dezember-2021-1-768x1024.jpg 768w, http:\/\/sally13.de\/wp-content\/uploads\/2021\/12\/Ernte-Rettich-11-Dezember-2021-1-225x300.jpg 225w, http:\/\/sally13.de\/wp-content\/uploads\/2021\/12\/Ernte-Rettich-11-Dezember-2021-1.jpg 900w\" sizes=\"(max-width: 329px) 85vw, 329px\" \/><\/figure>\n\n\n\n<figure class=\"wp-block-image is-resized\"><img loading=\"lazy\" src=\"http:\/\/sally13.de\/wp-content\/uploads\/2021\/12\/Ernte-Rettich-11-Dezember-2021-2-768x1024.jpg\" alt=\"\" class=\"wp-image-60\" width=\"332\" height=\"442\" srcset=\"http:\/\/sally13.de\/wp-content\/uploads\/2021\/12\/Ernte-Rettich-11-Dezember-2021-2-768x1024.jpg 768w, http:\/\/sally13.de\/wp-content\/uploads\/2021\/12\/Ernte-Rettich-11-Dezember-2021-2-225x300.jpg 225w, http:\/\/sally13.de\/wp-content\/uploads\/2021\/12\/Ernte-Rettich-11-Dezember-2021-2.jpg 900w\" sizes=\"(max-width: 332px) 85vw, 332px\" \/><\/figure>\n\n\n\n<p><br><\/p>\n","protected":false},"excerpt":{"rendered":"<p>Es ist so sch\u00f6n, wenn man noch im Dezember eigenes Gem\u00fcse ernten kann. Schaut mal, heute gibt es wei\u00dfen und schwarzen Rettich.<\/p>\n","protected":false},"author":1,"featured_media":0,"comment_status":"closed","ping_status":"closed","sticky":false,"template":"","format":"standard","meta":[],"categories":[1,4],"tags":[11,12],"_links":{"self":[{"href":"http:\/\/sally13.de\/index.php?rest_route=\/wp\/v2\/posts\/58"}],"collection":[{"href":"http:\/\/sally13.de\/index.php?rest_route=\/wp\/v2\/posts"}],"about":[{"href":"http:\/\/sally13.de\/index.php?rest_route=\/wp\/v2\/types\/post"}],"author":[{"embeddable":true,"href":"http:\/\/sally13.de\/index.php?rest_route=\/wp\/v2\/users\/1"}],"replies":[{"embeddable":true,"href":"http:\/\/sally13.de\/index.php?rest_route=%2Fwp%2Fv2%2Fcomments&post=58"}],"version-history":[{"count":2,"href":"http:\/\/sally13.de\/index.php?rest_route=\/wp\/v2\/posts\/58\/revisions"}],"predecessor-version":[{"id":62,"href":"http:\/\/sally13.de\/index.php?rest_route=\/wp\/v2\/posts\/58\/revisions\/62"}],"wp:attachment":[{"href":"http:\/\/sally13.de\/index.php?rest_route=%2Fwp%2Fv2%2Fmedia&parent=58"}],"wp:term":[{"taxonomy":"category","embeddable":true,"href":"http:\/\/sally13.de\/index.php?rest_route=%2Fwp%2Fv2%2Fcategories&post=58"},{"taxonomy":"post_tag","embeddable":true,"href":"http:\/\/sally13.de\/index.php?rest_route=%2Fwp%2Fv2%2Ftags&post=58"}],"curies":[{"name":"wp","href":"https:\/\/api.w.org\/{rel}","templated":true}]}}